{"id":1345,"date":"2023-06-26T16:36:51","date_gmt":"2023-06-26T14:36:51","guid":{"rendered":"https:\/\/kulturbuero-bremen.de\/?p=1345"},"modified":"2023-07-04T07:27:20","modified_gmt":"2023-07-04T05:27:20","slug":"404workshops-hommage","status":"publish","type":"post","link":"https:\/\/kulturbuero-bremen.de\/en\/404workshops-hommage\/","title":{"rendered":"404Workshops: Hommage"},"content":{"rendered":"\n<p>Ein Comic-Workshop mit <strong>Jeff Hemmer<\/strong> und <strong>J\u00e9r\u00f4me Puigors-Puigener<\/strong><\/p>\n\n\n\n<p>14.10 \u2013 16.10, Raum404 Nicolaistrasse 24\/36, 28195 Bremen<\/p>\n\n\n\n<p>Samstag 14.10, 9 bis 14 Uhr<\/p>\n\n\n\n<p>Sonntag 15.10, 10 bis 15 Uhr<\/p>\n\n\n\n<p>Montag 16.10, 15 bis 19 Uhr<\/p>\n\n\n\n<p>Workshopsprache ist Englisch. Kommunikation\/\u00dcbersetzung auf Deutsch und Franz\u00f6sisch ist jedoch ebenfalls m\u00f6glich.<\/p>\n\n\n\n<p>Anmeldungen sind m\u00f6glich unter <a href=\"mailto:zinefest@kulturbuero-bremen.de\">zinefest@kulturbuero-bremen.de<\/a><\/p>\n\n\n\n<p>Eine Hommage ist eine Art Verneigung vor einem gefeierten Werk oder einer inspirierenden Person in Form einer neuen Arbeit. In ihrem gemeinsamen Workshop greifen J\u00e9r\u00f4me Puigros-Puigener und Jeff Hemmer diese k\u00fcnstlerische Praxis auf und interpretieren sie mit den Teilnehmer:innen neu.<\/p>\n\n\n\n<p>Als Basismaterial dienen alte Comichefte und mitgebrachte Fotokopien aus Lieblingsb\u00e4nden. Diese werden im Rahmen verschiedener \u00dcbungen in ihre Einzelteile zerlegt, collagiert, abgepaust, weitergezeichnet, remixed, umgetextet oder von Grund auf neu erdacht. So entstehen k\u00fcrzere und l\u00e4ngere Comics, in denen pers\u00f6nliche wie allgemeine Klassiker, vergessene Fundst\u00fccke und die Handschrift der Teilnehmer:innen sich zu neuen Formen und Geschichten verbinden.<\/p>\n\n\n\n<p>Nach 15 Jahren und rund 200 pers\u00f6nlichen und kollektiven Fanzines, die er f\u00fcr das Label Habeas Corpus erstellt hat, arbeitet <strong>J\u00e9r\u00f4me Puigros-Puigener<\/strong> heute f\u00fcr das Centre Belge de la Bande Dessin\u00e9e in Br\u00fcssel. Als er zum Comicfestival in Aix-en-Provence (Frankreich) eingeladen wurde, beschloss er, da er nicht wie seine Kollegen gro\u00dfe Fresken zeichnen konnte, sich der Miniaturisierung zuzuwenden, indem er Mikro-Comics in Quadraten von 0,5 x 0,5 cm anfertigte. Nach und nach f\u00fchrte dieser Prozess zur &#8220;Umkehrung&#8221; von Comic-Covern.<\/p>\n\n\n\n<p><strong>Jeff Hemmer<\/strong> ist ein Comiczeichner aus Bremen, der sich auf Kurzcomics f\u00fcr den Bildungsbereich und Comic-Workshops konzentriert.<\/p>\n\n\n\n<p>Die Anzahl der Teilnehmer*innen ist auf 10 TN pro Workshop beschr\u00e4nkt. Nach Abschluss des Workshops wird ein Dokumentationsheft des Workshops in Kleinstauflage gedruckt, in dem Skizzen, Zwischenschritte oder auch schon kleinere Arbeiten su sehen sein werden. Die Teilnehmenden erhalten zwei Exemplare des Hefts. Das Heft ist in der Teilnahmegeb\u00fchr eingeschlo\u00dfen.<\/p>\n\n\n\n<p>Es gibt eine gestaffelte Teilnahmegeb\u00fchr f\u00fcr den Workshop. Diese Betr\u00e4gt 50\u20ac f\u00fcr Arbeitslose, prek\u00e4r Besch\u00e4ftigte und Personen mit klammem Geldbeutel (nach Selbsteinsch\u00e4tzung, don`t be shy to ask!), beziehungsweise 90\u20ac f\u00fcr Normalverdienende.<\/p>\n\n\n\n<p>Anmeldungen sind m\u00f6glich unter <a href=\"mailto:zinefest@kulturbuero-bremen.de\">zinefest@kulturbuero-bremen.de<\/a><\/p>\n\n\n\n<p>Erm\u00f6glicht durch die Karin und Uwe Hollweg Stiftung und den Kultursenator Bremen.<\/p>\n\n\n\n<p>In Kooperation mit dem Bremer Literaturkontor e.V..<\/p>\n\n\n\n<p><a href=\"\"><\/a><\/p>\n\n\n\n<p>Disclaimer: Der raum404 ist nicht barrierefrei. Es gelten die zum Workshopzeitraum aktuellen Coronaregelungen.<\/p>\n\n\n\n<p><strong>ENGLISCH<\/strong><\/p>\n\n\n\n<p><strong>Comic Workshop: &#8220;HOMMAGE&#8221;<\/strong><\/p>\n\n\n\n<p>A homage is a kind of tribute to a celebrated work of art or an inspiring person in the form of a new work. In their joint workshop, J\u00e9r\u00f4me Puigros-Puigener and Jeff Hemmer take up this artistic practice and reinterpret it with the participants.<\/p>\n\n\n\n<p>Old comic books and photocopies from favourite comics will serve as the basic material. In the course of various exercises, these materials are disassembled into their individual parts, collaged, traced, redrawn, remixed, rewritten or reimagined from scratch. In this way, shorter and longer comics are created in which personal and general classics, forgotten finds and the hand of the participants are combined to create new forms and stories.<\/p>\n\n\n\n<p>We use English as the common language in the workshop. However, communication\/translation into German and French is also possible.<\/p>\n\n\n\n<p>After 15 years and around 200 personal and collective fanzines created for the Habeas Corpus label, <strong>J\u00e9r\u00f4me Puigros-Puigener<\/strong> now works for the Centre Belge de la Bande Dessin\u00e9e in Brussels. When he was invited to the Aix-en-Provence Comics Festival (France), not knowing how to draw large frescoes like his other colleagues, he decided to turn to miniaturization by making micro-comics using squares of 0.5 x 0.5 cm. Little by little, this process will turn into the &#8220;turnaround&#8221;&nbsp;of comic book covers.<\/p>\n\n\n\n<p><strong>Jeff Hemmer<\/strong> is a comic artist from Bremen focusing on short comics for the educational sector and comic workshops.<\/p>\n\n\n\n<p>Registrations: <a href=\"mailto:zinefest@kulturbuero-bremen.de\">zinefest@kulturbuero-bremen.de<\/a><\/p>\n\n\n\n<p>Fees: 50\u20ac \/ 90\u20ac for then three days workshop. Fees include two copies of the workshopdokumentations<\/p>\n\n\n\n<p><strong>FRANCAIS<\/strong><\/p>\n\n\n\n<p><strong>Atelier BD : &#8220;HOMMAGE&#8221;<\/strong><\/p>\n\n\n\n<p>Un hommage est une sorte de r\u00e9v\u00e9rence \u00e0 une \u0153uvre c\u00e9l\u00e9br\u00e9e ou \u00e0 une personne inspirante sous la forme d&#8217;un nouveau travail. Dans leur atelier commun, J\u00e9r\u00f4me Puigros-Puigener et Jeff Hemmer reprennent cette pratique artistique et la r\u00e9interpr\u00e8tent avec les participant(e)s.<\/p>\n\n\n\n<p>Le mat\u00e9riel de base est constitu\u00e9 de vieilles bandes dessin\u00e9es et de photocopies d&#8217;albums pr\u00e9f\u00e9r\u00e9s. Dans le cadre de diff\u00e9rents exercices, ces bandes dessin\u00e9es sont d\u00e9compos\u00e9es, coll\u00e9es, recopi\u00e9es, redessin\u00e9es, remix\u00e9es, r\u00e9\u00e9crites ou imagin\u00e9es de toutes pi\u00e8ces. C&#8217;est ainsi que naissent des bandes dessin\u00e9es plus ou moins longues, dans lesquelles des classiques personnels ou g\u00e9n\u00e9raux, des trouvailles oubli\u00e9es et la patte des participant(e)s se combinent en de nouvelles formes et histoires.<\/p>\n\n\n\n<p>La langue commune de l&#8217;atelier est l&#8217;anglais. La communication\/traduction en allemand et en fran\u00e7ais est \u00e9galement possible.<\/p>\n\n\n\n<p>Apr\u00e8s 15 ans et environ 200 fanzines personnels et collectifs r\u00e9alis\u00e9s pour le label Habeas Corpus, <strong>J\u00e9r\u00f4me Puigros-Puigener<\/strong> travaille aujourd&#8217;hui pour le Centre Belge de la Bande Dessin\u00e9e \u00e0 Bruxelles. Invit\u00e9 au Festival de la BD d&#8217;Aix-en-Provence (France), ne sachant pas dessiner de grandes fresques comme ses confr\u00e8res, il d\u00e9cide de se tourner vers la miniaturisation en r\u00e9alisant des micro-bandes dessin\u00e9es \u00e0 l&#8217;aide de carr\u00e9s de 0,5 x 0,5 cm. Peu \u00e0 peu, ce proc\u00e9d\u00e9 se transformera en &#8220;retournement&#8221; de couvertures de bandes dessin\u00e9es.<\/p>\n\n\n\n<p><strong>Jeff Hemmer<\/strong> est un artiste de bande dessin\u00e9e originaire de Br\u00eame qui se concentre sur les bandes dessin\u00e9es courtes pour le secteur de l&#8217;\u00e9ducation et les ateliers de bande dessin\u00e9e.<\/p>\n","protected":false},"excerpt":{"rendered":"<p>Ein Comic-Workshop mit Jeff Hemmer und J\u00e9r\u00f4me Puigors-Puigener 14.10 \u2013 16.10, Raum404 Nicolaistrasse 24\/36, 28195 Bremen Samstag 14.10, 9 bis<\/p>\n","protected":false},"author":1,"featured_media":1353,"comment_status":"closed","ping_status":"open","sticky":false,"template":"","format":"standard","meta":[],"categories":[1],"tags":[],"_links":{"self":[{"href":"https:\/\/kulturbuero-bremen.de\/en\/wp-json\/wp\/v2\/posts\/1345"}],"collection":[{"href":"https:\/\/kulturbuero-bremen.de\/en\/wp-json\/wp\/v2\/posts"}],"about":[{"href":"https:\/\/kulturbuero-bremen.de\/en\/wp-json\/wp\/v2\/types\/post"}],"author":[{"embeddable":true,"href":"https:\/\/kulturbuero-bremen.de\/en\/wp-json\/wp\/v2\/users\/1"}],"replies":[{"embeddable":true,"href":"https:\/\/kulturbuero-bremen.de\/en\/wp-json\/wp\/v2\/comments?post=1345"}],"version-history":[{"count":3,"href":"https:\/\/kulturbuero-bremen.de\/en\/wp-json\/wp\/v2\/posts\/1345\/revisions"}],"predecessor-version":[{"id":1389,"href":"https:\/\/kulturbuero-bremen.de\/en\/wp-json\/wp\/v2\/posts\/1345\/revisions\/1389"}],"wp:featuredmedia":[{"embeddable":true,"href":"https:\/\/kulturbuero-bremen.de\/en\/wp-json\/wp\/v2\/media\/1353"}],"wp:attachment":[{"href":"https:\/\/kulturbuero-bremen.de\/en\/wp-json\/wp\/v2\/media?parent=1345"}],"wp:term":[{"taxonomy":"category","embeddable":true,"href":"https:\/\/kulturbuero-bremen.de\/en\/wp-json\/wp\/v2\/categories?post=1345"},{"taxonomy":"post_tag","embeddable":true,"href":"https:\/\/kulturbuero-bremen.de\/en\/wp-json\/wp\/v2\/tags?post=1345"}],"curies":[{"name":"wp","href":"https:\/\/api.w.org\/{rel}","templated":true}]}}